{"id":584,"date":"2023-02-01T04:58:18","date_gmt":"2023-02-01T01:58:18","guid":{"rendered":"https:\/\/socenne.org.br\/?p=584"},"modified":"2023-02-01T04:58:19","modified_gmt":"2023-02-01T01:58:19","slug":"membro-da-socenne-apresenta-aula-sobre-as-manifestacoes-neurologicas-da-sindrome-da-zika-congenito","status":"publish","type":"post","link":"https:\/\/socenne.org.br\/?p=584","title":{"rendered":"MEMBRO DA SOCENNE APRESENTA AULA SOBRE AS MANIFESTA\u00c7\u00d5ES NEUROL\u00d3GICAS DA S\u00cdNDROME DA ZIKA CONG\u00caNITO"},"content":{"rendered":"","protected":false},"excerpt":{"rendered":"","protected":false},"author":1,"featured_media":585,"comment_status":"open","ping_status":"open","sticky":false,"template":"","format":"standard","meta":{"site-sidebar-layout":"default","site-content-layout":"default","ast-global-header-display":"","ast-main-header-display":"","ast-hfb-above-header-display":"","ast-hfb-below-header-display":"","ast-hfb-mobile-header-display":"","site-post-title":"","ast-breadcrumbs-content":"","ast-featured-img":"","footer-sml-layout":"","theme-transparent-header-meta":"","adv-header-id-meta":"","stick-header-meta":"","header-above-stick-meta":"","header-main-stick-meta":"","header-below-stick-meta":""},"categories":[1],"tags":[],"rttpg_featured_image_url":{"full":["https:\/\/socenne.org.br\/wp-content\/uploads\/2023\/02\/MEMBRO-DA-SOCENNE-APRESENTA-AULA-SOBRE-AS-MANIFESTACOES-NEUROLOGICAS-DA-SINDROME-DA-ZIKA-CONGENIT-NO.jpeg",280,280,false],"landscape":["https:\/\/socenne.org.br\/wp-content\/uploads\/2023\/02\/MEMBRO-DA-SOCENNE-APRESENTA-AULA-SOBRE-AS-MANIFESTACOES-NEUROLOGICAS-DA-SINDROME-DA-ZIKA-CONGENIT-NO.jpeg",280,280,false],"portraits":["https:\/\/socenne.org.br\/wp-content\/uploads\/2023\/02\/MEMBRO-DA-SOCENNE-APRESENTA-AULA-SOBRE-AS-MANIFESTACOES-NEUROLOGICAS-DA-SINDROME-DA-ZIKA-CONGENIT-NO.jpeg",280,280,false],"thumbnail":["https:\/\/socenne.org.br\/wp-content\/uploads\/2023\/02\/MEMBRO-DA-SOCENNE-APRESENTA-AULA-SOBRE-AS-MANIFESTACOES-NEUROLOGICAS-DA-SINDROME-DA-ZIKA-CONGENIT-NO-150x150.jpeg",150,150,true],"medium":["https:\/\/socenne.org.br\/wp-content\/uploads\/2023\/02\/MEMBRO-DA-SOCENNE-APRESENTA-AULA-SOBRE-AS-MANIFESTACOES-NEUROLOGICAS-DA-SINDROME-DA-ZIKA-CONGENIT-NO.jpeg",280,280,false],"large":["https:\/\/socenne.org.br\/wp-content\/uploads\/2023\/02\/MEMBRO-DA-SOCENNE-APRESENTA-AULA-SOBRE-AS-MANIFESTACOES-NEUROLOGICAS-DA-SINDROME-DA-ZIKA-CONGENIT-NO.jpeg",280,280,false],"1536x1536":["https:\/\/socenne.org.br\/wp-content\/uploads\/2023\/02\/MEMBRO-DA-SOCENNE-APRESENTA-AULA-SOBRE-AS-MANIFESTACOES-NEUROLOGICAS-DA-SINDROME-DA-ZIKA-CONGENIT-NO.jpeg",280,280,false],"2048x2048":["https:\/\/socenne.org.br\/wp-content\/uploads\/2023\/02\/MEMBRO-DA-SOCENNE-APRESENTA-AULA-SOBRE-AS-MANIFESTACOES-NEUROLOGICAS-DA-SINDROME-DA-ZIKA-CONGENIT-NO.jpeg",280,280,false]},"rttpg_author":{"display_name":"contato@acertocomunicacao.com.br","author_link":"https:\/\/socenne.org.br\/?author=1"},"rttpg_comment":0,"rttpg_category":"<a href=\"https:\/\/socenne.org.br\/?cat=1\" rel=\"category\">Uncategorized<\/a>","rttpg_excerpt":null,"_links":{"self":[{"href":"https:\/\/socenne.org.br\/index.php?rest_route=\/wp\/v2\/posts\/584"}],"collection":[{"href":"https:\/\/socenne.org.br\/index.php?rest_route=\/wp\/v2\/posts"}],"about":[{"href":"https:\/\/socenne.org.br\/index.php?rest_route=\/wp\/v2\/types\/post"}],"author":[{"embeddable":true,"href":"https:\/\/socenne.org.br\/index.php?rest_route=\/wp\/v2\/users\/1"}],"replies":[{"embeddable":true,"href":"https:\/\/socenne.org.br\/index.php?rest_route=%2Fwp%2Fv2%2Fcomments&post=584"}],"version-history":[{"count":1,"href":"https:\/\/socenne.org.br\/index.php?rest_route=\/wp\/v2\/posts\/584\/revisions"}],"predecessor-version":[{"id":586,"href":"https:\/\/socenne.org.br\/index.php?rest_route=\/wp\/v2\/posts\/584\/revisions\/586"}],"wp:featuredmedia":[{"embeddable":true,"href":"https:\/\/socenne.org.br\/index.php?rest_route=\/wp\/v2\/media\/585"}],"wp:attachment":[{"href":"https:\/\/socenne.org.br\/index.php?rest_route=%2Fwp%2Fv2%2Fmedia&parent=584"}],"wp:term":[{"taxonomy":"category","embeddable":true,"href":"https:\/\/socenne.org.br\/index.php?rest_route=%2Fwp%2Fv2%2Fcategories&post=584"},{"taxonomy":"post_tag","embeddable":true,"href":"https:\/\/socenne.org.br\/index.php?rest_route=%2Fwp%2Fv2%2Ftags&post=584"}],"curies":[{"name":"wp","href":"https:\/\/api.w.org\/{rel}","templated":true}]}}